{"id":3916,"date":"2026-04-27T18:09:33","date_gmt":"2026-04-27T18:09:33","guid":{"rendered":"https:\/\/www.acacr.es\/?p=3916"},"modified":"2026-04-27T18:11:49","modified_gmt":"2026-04-27T18:11:49","slug":"manuel-garcia-fernandez-varias-publicaciones","status":"publish","type":"post","link":"https:\/\/www.acacr.es\/?p=3916","title":{"rendered":"Manuel Garc\u00eda Fern\u00e1ndez &#8211; Varias publicaciones."},"content":{"rendered":"\n<p><strong>\u00a0\u201cParece que la UE condena de nuevo a Andaluc\u00eda a ser tierra de frontera\u201d<\/strong><\/p>\n\n\n\n<p><a href=\"https:\/\/www.diariodesevilla.es\/entrevistas\/Parece-UE-condena-Andalucia-frontera_0_1720029640.html\">https:\/\/www.diariodesevilla.es\/entrevistas\/Parece-UE-condena-Andalucia-frontera_0_1720029640.html<\/a><\/p>\n\n\n\n<p><strong>La fecunda historia de la Universidad de Sevilla, instituci\u00f3n cinco veces centenaria, actualizada en un nuevo libro<\/strong><\/p>\n\n\n\n<p><a href=\"https:\/\/www.diariodesevilla.es\/sevilla\/historia-universidad-sevilla-institucion-cinco-veces-centenaria-nuevo-libro_0_2005262263.html\">https:\/\/www.diariodesevilla.es\/sevilla\/historia-universidad-sevilla-institucion-cinco-veces-centenaria-nuevo-libro_0_2005262263.html<\/a><\/p>\n\n\n\n<p><strong>El catedr\u00e1tico de la US Manuel Garc\u00eda, distinguido con la medalla de los Reyes Cat\u00f3licos<\/strong><\/p>\n\n\n\n<p><a href=\"https:\/\/www.diariodesevilla.es\/sevilla\/catedratico-us-manuel-garcia-medalla-reyes-catolicos_0_2002388119.html\">https:\/\/www.diariodesevilla.es\/sevilla\/catedratico-us-manuel-garcia-medalla-reyes-catolicos_0_2002388119.html<\/a><\/p>\n\n\n\n<p><strong>Manuel Garc\u00eda Fern\u00e1ndez :<a href=\"https:\/\/www.youtube.com\/\"><\/a><\/strong><\/p>\n\n\n\n<p><strong>Alfonso X El Sabio. Poderes, im\u00e1genes, saberes <\/strong>:<\/p>\n\n\n\n<figure class=\"wp-block-embed is-type-video is-provider-youtube wp-block-embed-youtube wp-embed-aspect-4-3 wp-has-aspect-ratio\"><div class=\"wp-block-embed__wrapper\">\n<p class=\"responsive-video-wrap clr\"><iframe title=\"Alfonso X El Sabio. Poderes, im\u00e1genes, saberes - Manuel Garc\u00eda Fern\u00e1ndez\" width=\"1200\" height=\"900\" src=\"https:\/\/www.youtube.com\/embed\/aHoHhBUNiJM?feature=oembed\" frameborder=\"0\" allow=\"accelerometer; autoplay; clipboard-write; encrypted-media; gyroscope; picture-in-picture; web-share\" referrerpolicy=\"strict-origin-when-cross-origin\" allowfullscreen><\/iframe><\/p>\n<\/div><\/figure>\n\n\n\n<p><strong>Manuel Garcia Fernandez : Don Pedro I ni cruel ni justiciero<\/strong><\/p>\n\n\n\n<figure class=\"wp-block-embed is-type-video is-provider-youtube wp-block-embed-youtube wp-embed-aspect-4-3 wp-has-aspect-ratio\"><div class=\"wp-block-embed__wrapper\">\n<p class=\"responsive-video-wrap clr\"><iframe title=\"Conferencia: Don Pedro I ni cruel ni justiciero por Manuel Garcia Fernandez\" width=\"1200\" height=\"900\" src=\"https:\/\/www.youtube.com\/embed\/NltG0M1cDrM?feature=oembed\" frameborder=\"0\" allow=\"accelerometer; autoplay; clipboard-write; encrypted-media; gyroscope; picture-in-picture; web-share\" referrerpolicy=\"strict-origin-when-cross-origin\" allowfullscreen><\/iframe><\/p>\n<\/div><\/figure>\n\n\n\n<p><\/p>\n\n\n\n<p><strong>Manuel Garc\u00eda Fern\u00e1ndez, Catedr\u00e1tico <\/strong><strong>de Historia Medieval de la Universidad de Sevilla en \u00abLa Memoria\u00bb<\/strong><strong><\/strong><\/p>\n\n\n\n<p><a href=\"https:\/\/www.canalsur.es\/rtva\/manuel-garcia-fernandez-catedratico-de-historia-medieval-de-la-universidad-de-sevilla-en-la-memoria\/1824595.html\">https:\/\/www.canalsur.es\/rtva\/manuel-garcia-fernandez-catedratico-de-historia-medieval-de-la-universidad-de-sevilla-en-la-memoria\/1824595.html<\/a><\/p>\n\n\n\n<p><strong>El profesor Manuel Garc\u00eda Fern\u00e1ndez ingresa en la Academia Andaluza de Ciencia Regional<\/strong><\/p>\n\n\n\n<p><a href=\"https:\/\/www.diariodesevilla.es\/sevilla\/profesor-Garcia-Fernandez-ingresa-Academia-Andaluza-Ciencia-Regional_0_1320768254.html\">https:\/\/www.diariodesevilla.es\/sevilla\/profesor-Garcia-Fernandez-ingresa-Academia-Andaluza-Ciencia-Regional_0_1320768254.html<\/a><\/p>\n\n\n\n<p><strong>Homenaje a Manuel Garc\u00eda Fern\u00e1ndez, medievalista de la Universidad de Sevilla<\/strong><\/p>\n\n\n\n<p><a href=\"https:\/\/www.diariodesevilla.es\/sevilla\/Homenaje-Manuel-garcia-Fernandez-medievalista-Universidad-Sevilla_0_1730227337.amp.html\">https:\/\/www.diariodesevilla.es\/sevilla\/Homenaje-Manuel-garcia-Fernandez-medievalista-Universidad-Sevilla_0_1730227337.amp.html<\/a><\/p>\n\n\n\n<p><strong>En la calle y en la c\u00e1tedra<\/strong><\/p>\n\n\n\n<p><a href=\"https:\/\/www.diariodesevilla.es\/sevilla\/calle-catedra_0_348865532.amp.html\">https:\/\/www.diariodesevilla.es\/sevilla\/calle-catedra_0_348865532.amp.html<\/a><\/p>\n\n\n\n<p><\/p>\n","protected":false},"excerpt":{"rendered":"<p>\u00a0\u201cParece que la UE condena de nuevo a Andaluc\u00eda a ser tierra de frontera\u201d https:\/\/www.diariodesevilla.es\/entrevistas\/Parece-UE-condena-Andalucia-frontera_0_1720029640.html La fecunda historia de la Universidad de Sevilla, instituci\u00f3n cinco veces centenaria, actualizada en un nuevo libro https:\/\/www.diariodesevilla.es\/sevilla\/historia-universidad-sevilla-institucion-cinco-veces-centenaria-nuevo-libro_0_2005262263.html El catedr\u00e1tico de la US Manuel Garc\u00eda, distinguido con la medalla de los Reyes Cat\u00f3licos https:\/\/www.diariodesevilla.es\/sevilla\/catedratico-us-manuel-garcia-medalla-reyes-catolicos_0_2002388119.html Manuel Garc\u00eda Fern\u00e1ndez : Alfonso X [&hellip;]<\/p>\n","protected":false},"author":1,"featured_media":0,"comment_status":"closed","ping_status":"closed","sticky":false,"template":"","format":"standard","meta":{"advgb_blocks_editor_width":"","advgb_blocks_columns_visual_guide":"","ocean_post_layout":"","ocean_both_sidebars_style":"","ocean_both_sidebars_content_width":0,"ocean_both_sidebars_sidebars_width":0,"ocean_sidebar":"","ocean_second_sidebar":"","ocean_disable_margins":"enable","ocean_add_body_class":"","ocean_shortcode_before_top_bar":"","ocean_shortcode_after_top_bar":"","ocean_shortcode_before_header":"","ocean_shortcode_after_header":"","ocean_has_shortcode":"","ocean_shortcode_after_title":"","ocean_shortcode_before_footer_widgets":"","ocean_shortcode_after_footer_widgets":"","ocean_shortcode_before_footer_bottom":"","ocean_shortcode_after_footer_bottom":"","ocean_display_top_bar":"default","ocean_display_header":"default","ocean_header_style":"","ocean_center_header_left_menu":"","ocean_custom_header_template":"","ocean_custom_logo":0,"ocean_custom_retina_logo":0,"ocean_custom_logo_max_width":0,"ocean_custom_logo_tablet_max_width":0,"ocean_custom_logo_mobile_max_width":0,"ocean_custom_logo_max_height":0,"ocean_custom_logo_tablet_max_height":0,"ocean_custom_logo_mobile_max_height":0,"ocean_header_custom_menu":"","ocean_menu_typo_font_family":"","ocean_menu_typo_font_subset":"","ocean_menu_typo_font_size":0,"ocean_menu_typo_font_size_tablet":0,"ocean_menu_typo_font_size_mobile":0,"ocean_menu_typo_font_size_unit":"px","ocean_menu_typo_font_weight":"","ocean_menu_typo_font_weight_tablet":"","ocean_menu_typo_font_weight_mobile":"","ocean_menu_typo_transform":"","ocean_menu_typo_transform_tablet":"","ocean_menu_typo_transform_mobile":"","ocean_menu_typo_line_height":0,"ocean_menu_typo_line_height_tablet":0,"ocean_menu_typo_line_height_mobile":0,"ocean_menu_typo_line_height_unit":"","ocean_menu_typo_spacing":0,"ocean_menu_typo_spacing_tablet":0,"ocean_menu_typo_spacing_mobile":0,"ocean_menu_typo_spacing_unit":"","ocean_menu_link_color":"","ocean_menu_link_color_hover":"","ocean_menu_link_color_active":"","ocean_menu_link_background":"","ocean_menu_link_hover_background":"","ocean_menu_link_active_background":"","ocean_menu_social_links_bg":"","ocean_menu_social_hover_links_bg":"","ocean_menu_social_links_color":"","ocean_menu_social_hover_links_color":"","ocean_disable_title":"default","ocean_disable_heading":"default","ocean_post_title":"","ocean_post_subheading":"","ocean_post_title_style":"","ocean_post_title_background_color":"","ocean_post_title_background":0,"ocean_post_title_bg_image_position":"","ocean_post_title_bg_image_attachment":"","ocean_post_title_bg_image_repeat":"","ocean_post_title_bg_image_size":"","ocean_post_title_height":0,"ocean_post_title_bg_overlay":0.5,"ocean_post_title_bg_overlay_color":"","ocean_disable_breadcrumbs":"default","ocean_breadcrumbs_color":"","ocean_breadcrumbs_separator_color":"","ocean_breadcrumbs_links_color":"","ocean_breadcrumbs_links_hover_color":"","ocean_display_footer_widgets":"default","ocean_display_footer_bottom":"default","ocean_custom_footer_template":"","ocean_post_oembed":"","ocean_post_self_hosted_media":"","ocean_post_video_embed":"","ocean_link_format":"","ocean_link_format_target":"self","ocean_quote_format":"","ocean_quote_format_link":"post","ocean_gallery_link_images":"on","ocean_gallery_id":[],"footnotes":""},"categories":[21],"tags":[],"class_list":["post-3916","post","type-post","status-publish","format-standard","hentry","category-tribuna-del-academico","entry"],"author_meta":{"display_name":"Acacr","author_link":"https:\/\/www.acacr.es\/?author=1"},"featured_img":null,"coauthors":[],"tax_additional":{"categories":{"linked":["<a href=\"https:\/\/www.acacr.es\/?cat=21\" class=\"advgb-post-tax-term\">Tribuna del Acad\u00e9mico<\/a>"],"unlinked":["<span class=\"advgb-post-tax-term\">Tribuna del Acad\u00e9mico<\/span>"]}},"comment_count":"0","relative_dates":{"created":"Publicado 4 horas hace","modified":"Actualizado 4 horas hace"},"absolute_dates":{"created":"Publicado el 27 abril 2026","modified":"Actualizado el 27 abril 2026"},"absolute_dates_time":{"created":"Publicado el 27 abril 2026 18:09","modified":"Actualizado el 27 abril 2026 18:11"},"featured_img_caption":"","series_order":"","_links":{"self":[{"href":"https:\/\/www.acacr.es\/index.php?rest_route=\/wp\/v2\/posts\/3916","targetHints":{"allow":["GET"]}}],"collection":[{"href":"https:\/\/www.acacr.es\/index.php?rest_route=\/wp\/v2\/posts"}],"about":[{"href":"https:\/\/www.acacr.es\/index.php?rest_route=\/wp\/v2\/types\/post"}],"author":[{"embeddable":true,"href":"https:\/\/www.acacr.es\/index.php?rest_route=\/wp\/v2\/users\/1"}],"replies":[{"embeddable":true,"href":"https:\/\/www.acacr.es\/index.php?rest_route=%2Fwp%2Fv2%2Fcomments&post=3916"}],"version-history":[{"count":3,"href":"https:\/\/www.acacr.es\/index.php?rest_route=\/wp\/v2\/posts\/3916\/revisions"}],"predecessor-version":[{"id":3919,"href":"https:\/\/www.acacr.es\/index.php?rest_route=\/wp\/v2\/posts\/3916\/revisions\/3919"}],"wp:attachment":[{"href":"https:\/\/www.acacr.es\/index.php?rest_route=%2Fwp%2Fv2%2Fmedia&parent=3916"}],"wp:term":[{"taxonomy":"category","embeddable":true,"href":"https:\/\/www.acacr.es\/index.php?rest_route=%2Fwp%2Fv2%2Fcategories&post=3916"},{"taxonomy":"post_tag","embeddable":true,"href":"https:\/\/www.acacr.es\/index.php?rest_route=%2Fwp%2Fv2%2Ftags&post=3916"}],"curies":[{"name":"wp","href":"https:\/\/api.w.org\/{rel}","templated":true}]}}