{"id":3920,"date":"2026-04-27T18:14:52","date_gmt":"2026-04-27T18:14:52","guid":{"rendered":"https:\/\/www.acacr.es\/?p=3920"},"modified":"2026-04-27T18:14:53","modified_gmt":"2026-04-27T18:14:53","slug":"jose-medina-pedregosa-a-vueltas-con-la-inquisidora-eutanasia","status":"publish","type":"post","link":"https:\/\/www.acacr.es\/?p=3920","title":{"rendered":"Jos\u00e9 Medina Pedregosa &#8211; A vueltas con la inquisidora eutanasia."},"content":{"rendered":"\n<p><strong>\u00abCA UNO ES CA UNO<\/strong>\u00ab<\/p>\n\n\n\n<figure class=\"wp-block-table\"><table class=\"has-fixed-layout\"><tbody><tr><td><strong>A vueltas con la inquisidora eutanasia<\/strong><\/td><\/tr><tr><td>Jos\u00e9 Medina Pedregosa, C\u00f3rdoba<\/td><\/tr><tr><td><a href=\"https:\/\/www.diariosigloxxi.com\/firmas\/lectores\"><\/a> <a href=\"https:\/\/www.diariosigloxxi.com\/firmas\/lectores\"><strong>Lectores<\/strong><\/a><a href=\"https:\/\/twitter.com\/https:\/x.com\/DiarioSigloXXI\" target=\"_blank\" rel=\"noreferrer noopener\">@https:\/\/x.com\/DiarioSigloXXI&nbsp;<\/a> mi\u00e9rcoles,&nbsp;8 de abril de 2026, 09:38 h (CET)<\/td><\/tr><tr><td>\u00ab<em>El Estado deber\u00eda estar proporcionando<\/em> <em>con todos los medios posibles una vida digna,<\/em> <em>no una \u201cmuerte digna con una inyecci\u00f3n letal\u201d.<\/em> <br><br><br>Entre todas las frases que se han vertido estos d\u00edas, sobre la muerte por la eutanasia, yo la llamo, inquisitoria; por la muerte de Noelia. Me quedo con esta frase: \u201cLa muerte de Noelia repugna la raz\u00f3n\u201d. No comprendo c\u00f3mo, se ha cambiado el juramento hipocr\u00e1tico, en uno de estos ep\u00edgrafes, dice: \u201cel respeto a la vida y la prohibici\u00f3n de causar da\u00f1o intencionado\u201d. Mas intencionado no cabe. Intensamente intencionado, irracional y traicionera. \u00a0<br><br>El Estado deber\u00eda estar proporcionando con todos los medios posibles una vida digna, no una \u201cmuerte digna con una inyecci\u00f3n letal\u201d. No ser\u00e9 yo quien se\u00f1ale con el dedo, pero si lo rotulo diciendo que, tenemos unas leyes, absolutistas, llenas de una tiran\u00eda que, a cualquiera, en estos momentos, nos pueden se\u00f1alar con el dedo diciendo: y, a este, tambi\u00e9n. \u00a0 <br><br>El papel imprenta se deja colorear con colores negros, llenos de muerte. Donde una inquisitoria eutanasia ha mordido de muerte a una joven de 25 a\u00f1os. A esta jovencita, yo la he visto en uno de los pasajes que nos abundan las televisiones hablando correctamente y con sentido com\u00fan correct\u00edsimo. No s\u00e9, ni me atrevo en observar, sin decir palabras a esta maldita eutanasia, aplicada a esta joven, pero si dir\u00e9 que, el estado, los juramentos hipocr\u00e1ticos, fueron jurados, comprometidos hechos y la buena \u201cventuranza humana\u201d, ha dejado la vida humana tirada por las alcantarillas, ceg\u00e1ndola por las espaldas de una muerte. <br><br>A esta, la llaman muerte digna. Los tratamientos paliativos se ido al carajo. \u00a0 Nadie ha abierto la boca para impedir tal abuso, si, con un atropello infame mirado hacia atr\u00e1s. La opci\u00f3n que se ha tomado en esta repugnante \u201cmuerte digna\u201d Muerte digna \u00bfde qu\u00e9? Entre unos y otros la hemos puesto delante del cadalso con una soga que le llamamos: eutanasia. Y que yo, libremente la llamo: inquisidora eutanasia. \u00a0 Dejando en olvido unos cuidados paliativos, decorosos y los avances terap\u00e9uticos. Buscando esta palabra maldita, macabra y asesina, llamada: Eutanasia. \u00bfQu\u00e9 mente tendr\u00eda el padrino de esta palabra f\u00fanebre? \u00bfQui\u00e9n ser\u00eda el que la bautiz\u00f3 con esta trampa mortal? \u00bfO, quien la pag\u00f3? \u00a1Tan bajo hemos quedado la especie humana?<\/td><\/tr><\/tbody><\/table><\/figure>\n\n\n\n<p><\/p>\n","protected":false},"excerpt":{"rendered":"<p>\u00abCA UNO ES CA UNO\u00ab A vueltas con la inquisidora eutanasia Jos\u00e9 Medina Pedregosa, C\u00f3rdoba Lectores@https:\/\/x.com\/DiarioSigloXXI&nbsp; mi\u00e9rcoles,&nbsp;8 de abril de 2026, 09:38 h (CET) \u00abEl Estado deber\u00eda estar proporcionando con todos los medios posibles una vida digna, no una \u201cmuerte digna con una inyecci\u00f3n letal\u201d. Entre todas las frases que se han vertido estos d\u00edas, [&hellip;]<\/p>\n","protected":false},"author":1,"featured_media":0,"comment_status":"closed","ping_status":"closed","sticky":false,"template":"","format":"standard","meta":{"advgb_blocks_editor_width":"","advgb_blocks_columns_visual_guide":"","ocean_post_layout":"","ocean_both_sidebars_style":"","ocean_both_sidebars_content_width":0,"ocean_both_sidebars_sidebars_width":0,"ocean_sidebar":"","ocean_second_sidebar":"","ocean_disable_margins":"enable","ocean_add_body_class":"","ocean_shortcode_before_top_bar":"","ocean_shortcode_after_top_bar":"","ocean_shortcode_before_header":"","ocean_shortcode_after_header":"","ocean_has_shortcode":"","ocean_shortcode_after_title":"","ocean_shortcode_before_footer_widgets":"","ocean_shortcode_after_footer_widgets":"","ocean_shortcode_before_footer_bottom":"","ocean_shortcode_after_footer_bottom":"","ocean_display_top_bar":"default","ocean_display_header":"default","ocean_header_style":"","ocean_center_header_left_menu":"","ocean_custom_header_template":"","ocean_custom_logo":0,"ocean_custom_retina_logo":0,"ocean_custom_logo_max_width":0,"ocean_custom_logo_tablet_max_width":0,"ocean_custom_logo_mobile_max_width":0,"ocean_custom_logo_max_height":0,"ocean_custom_logo_tablet_max_height":0,"ocean_custom_logo_mobile_max_height":0,"ocean_header_custom_menu":"","ocean_menu_typo_font_family":"","ocean_menu_typo_font_subset":"","ocean_menu_typo_font_size":0,"ocean_menu_typo_font_size_tablet":0,"ocean_menu_typo_font_size_mobile":0,"ocean_menu_typo_font_size_unit":"px","ocean_menu_typo_font_weight":"","ocean_menu_typo_font_weight_tablet":"","ocean_menu_typo_font_weight_mobile":"","ocean_menu_typo_transform":"","ocean_menu_typo_transform_tablet":"","ocean_menu_typo_transform_mobile":"","ocean_menu_typo_line_height":0,"ocean_menu_typo_line_height_tablet":0,"ocean_menu_typo_line_height_mobile":0,"ocean_menu_typo_line_height_unit":"","ocean_menu_typo_spacing":0,"ocean_menu_typo_spacing_tablet":0,"ocean_menu_typo_spacing_mobile":0,"ocean_menu_typo_spacing_unit":"","ocean_menu_link_color":"","ocean_menu_link_color_hover":"","ocean_menu_link_color_active":"","ocean_menu_link_background":"","ocean_menu_link_hover_background":"","ocean_menu_link_active_background":"","ocean_menu_social_links_bg":"","ocean_menu_social_hover_links_bg":"","ocean_menu_social_links_color":"","ocean_menu_social_hover_links_color":"","ocean_disable_title":"default","ocean_disable_heading":"default","ocean_post_title":"","ocean_post_subheading":"","ocean_post_title_style":"","ocean_post_title_background_color":"","ocean_post_title_background":0,"ocean_post_title_bg_image_position":"","ocean_post_title_bg_image_attachment":"","ocean_post_title_bg_image_repeat":"","ocean_post_title_bg_image_size":"","ocean_post_title_height":0,"ocean_post_title_bg_overlay":0.5,"ocean_post_title_bg_overlay_color":"","ocean_disable_breadcrumbs":"default","ocean_breadcrumbs_color":"","ocean_breadcrumbs_separator_color":"","ocean_breadcrumbs_links_color":"","ocean_breadcrumbs_links_hover_color":"","ocean_display_footer_widgets":"default","ocean_display_footer_bottom":"default","ocean_custom_footer_template":"","ocean_post_oembed":"","ocean_post_self_hosted_media":"","ocean_post_video_embed":"","ocean_link_format":"","ocean_link_format_target":"self","ocean_quote_format":"","ocean_quote_format_link":"post","ocean_gallery_link_images":"on","ocean_gallery_id":[],"footnotes":""},"categories":[21],"tags":[],"class_list":["post-3920","post","type-post","status-publish","format-standard","hentry","category-tribuna-del-academico","entry"],"author_meta":{"display_name":"Acacr","author_link":"https:\/\/www.acacr.es\/?author=1"},"featured_img":null,"coauthors":[],"tax_additional":{"categories":{"linked":["<a href=\"https:\/\/www.acacr.es\/?cat=21\" class=\"advgb-post-tax-term\">Tribuna del Acad\u00e9mico<\/a>"],"unlinked":["<span class=\"advgb-post-tax-term\">Tribuna del Acad\u00e9mico<\/span>"]}},"comment_count":"0","relative_dates":{"created":"Publicado 4 horas hace","modified":"Actualizado 4 horas hace"},"absolute_dates":{"created":"Publicado el 27 abril 2026","modified":"Actualizado el 27 abril 2026"},"absolute_dates_time":{"created":"Publicado el 27 abril 2026 18:14","modified":"Actualizado el 27 abril 2026 18:14"},"featured_img_caption":"","series_order":"","_links":{"self":[{"href":"https:\/\/www.acacr.es\/index.php?rest_route=\/wp\/v2\/posts\/3920","targetHints":{"allow":["GET"]}}],"collection":[{"href":"https:\/\/www.acacr.es\/index.php?rest_route=\/wp\/v2\/posts"}],"about":[{"href":"https:\/\/www.acacr.es\/index.php?rest_route=\/wp\/v2\/types\/post"}],"author":[{"embeddable":true,"href":"https:\/\/www.acacr.es\/index.php?rest_route=\/wp\/v2\/users\/1"}],"replies":[{"embeddable":true,"href":"https:\/\/www.acacr.es\/index.php?rest_route=%2Fwp%2Fv2%2Fcomments&post=3920"}],"version-history":[{"count":2,"href":"https:\/\/www.acacr.es\/index.php?rest_route=\/wp\/v2\/posts\/3920\/revisions"}],"predecessor-version":[{"id":3922,"href":"https:\/\/www.acacr.es\/index.php?rest_route=\/wp\/v2\/posts\/3920\/revisions\/3922"}],"wp:attachment":[{"href":"https:\/\/www.acacr.es\/index.php?rest_route=%2Fwp%2Fv2%2Fmedia&parent=3920"}],"wp:term":[{"taxonomy":"category","embeddable":true,"href":"https:\/\/www.acacr.es\/index.php?rest_route=%2Fwp%2Fv2%2Fcategories&post=3920"},{"taxonomy":"post_tag","embeddable":true,"href":"https:\/\/www.acacr.es\/index.php?rest_route=%2Fwp%2Fv2%2Ftags&post=3920"}],"curies":[{"name":"wp","href":"https:\/\/api.w.org\/{rel}","templated":true}]}}