{"id":3935,"date":"2026-04-27T18:35:50","date_gmt":"2026-04-27T18:35:50","guid":{"rendered":"https:\/\/www.acacr.es\/?p=3935"},"modified":"2026-04-27T18:36:42","modified_gmt":"2026-04-27T18:36:42","slug":"maria-del-carmen-martinez-hernandez-varios-articulos","status":"publish","type":"post","link":"https:\/\/www.acacr.es\/?p=3935","title":{"rendered":"Mar\u00eda del Carmen Mart\u00ednez Hern\u00e1ndez &#8211; Varios art\u00edculos"},"content":{"rendered":"\n<p>Mart\u00ednez Hern\u00e1ndez, Maria del Carmen (aut.) (2022),&nbsp;<em>El un mar de vides. Pascual Carri\u00f3n y la vitivinicultura (1891-1976).<\/em>&nbsp;C\u00f3rdoba: UCOPress \u2013 Editorial Universidad de C\u00f3rdoba.<\/p>\n\n\n\n<p><a href=\"https:\/\/ucopress.uco.es\/producto\/isbn-9788499277080\/\">El un mar de vides. Pascual Carri\u00f3n y la vitivinicultura (1891-1976)<\/a><\/p>\n\n\n\n<p><strong>\u00abLa mujer en las revistas requenenses<\/strong>&nbsp;(1944-2019)concepto y rol\u00bb<\/p>\n\n\n\n<p><a href=\"https:\/\/dialnet.unirioja.es\/servlet\/autor?codigo=1969285\">Mar\u00eda del Carmen Mart\u00ednez Hern\u00e1ndez<\/a><\/p>\n\n\n\n<p><a href=\"https:\/\/dialnet.unirioja.es\/servlet\/revista?codigo=13163\"><em>Oleana: Cuadernos de Cultura Comarcal<\/em><\/a><em>,&nbsp;ISSN&nbsp;1139-4943,&nbsp;<a href=\"https:\/\/dialnet.unirioja.es\/ejemplar\/608992\">N\u00ba. 38, 2022<\/a>&nbsp;pdf<\/em><strong><em><\/em><\/strong><\/p>\n\n\n\n<p><strong>\u00abLa Asociaci\u00f3n de En\u00f3logos en su historia: 1956,<\/strong>&nbsp;la Agrupaci\u00f3n de antiguos alumnos de las enol\u00f3gicas\u00bb<\/p>\n\n\n\n<p>M\u00aa Carmen Mart\u00ednez Hern\u00e1ndez<\/p>\n\n\n\n<p><em>Revista de la Asociaci\u00f3n de En\u00f3logos de la Comunidad Valenciana,&nbsp;<\/em>05 (julio 2025), pp. 20-21.<\/p>\n\n\n\n<div data-wp-interactive=\"core\/file\" class=\"wp-block-file\"><object data-wp-bind--hidden=\"!state.hasPdfPreview\" hidden class=\"wp-block-file__embed\" data=\"https:\/\/www.acacr.es\/wp-content\/uploads\/2026\/04\/AECV-Revista-Enologos-5-07-2025-Asoc.-Enologos.pdf\" type=\"application\/pdf\" style=\"width:100%;height:600px\" aria-label=\"Incrustado de AECV-Revista-Enologos-5-07-2025 Asoc. Eno\u0301logos.\"><\/object><a id=\"wp-block-file--media-ce7eba11-5125-4b02-96d0-4783dac6d576\" href=\"https:\/\/www.acacr.es\/wp-content\/uploads\/2026\/04\/AECV-Revista-Enologos-5-07-2025-Asoc.-Enologos.pdf\">AECV-Revista-Enologos-5-07-2025 Asoc. Eno\u0301logos<\/a><a href=\"https:\/\/www.acacr.es\/wp-content\/uploads\/2026\/04\/AECV-Revista-Enologos-5-07-2025-Asoc.-Enologos.pdf\" class=\"wp-block-file__button wp-element-button\" download aria-describedby=\"wp-block-file--media-ce7eba11-5125-4b02-96d0-4783dac6d576\">Descarga<\/a><\/div>\n\n\n\n<p><strong>\u00abFrancisco Mart\u00ednez Bermell&nbsp;<\/strong><strong>(1916-2008): En\u00f3logo\u00bb<\/strong><strong><\/strong><\/p>\n\n\n\n<p>M\u00aa Carmen Mart\u00ednez Hern\u00e1ndez<\/p>\n\n\n\n<p><em>Revista de la Asociaci\u00f3n de En\u00f3logos de la Comunidad Valenciana,&nbsp;<\/em>06 (noviembre 2025), pp. 20-21.<\/p>\n\n\n\n<div data-wp-interactive=\"core\/file\" class=\"wp-block-file\"><object data-wp-bind--hidden=\"!state.hasPdfPreview\" hidden class=\"wp-block-file__embed\" data=\"https:\/\/www.acacr.es\/wp-content\/uploads\/2026\/04\/AECV-Revista-Enologos-5-07-2025-Asoc.-Enologos-1.pdf\" type=\"application\/pdf\" style=\"width:100%;height:600px\" aria-label=\"Incrustado de AECV-Revista-Enologos-5-07-2025 Asoc. Eno\u0301logos.\"><\/object><a id=\"wp-block-file--media-592f0530-20e6-46c6-addf-f5e328d17c32\" href=\"https:\/\/www.acacr.es\/wp-content\/uploads\/2026\/04\/AECV-Revista-Enologos-5-07-2025-Asoc.-Enologos-1.pdf\">AECV-Revista-Enologos-5-07-2025 Asoc. Eno\u0301logos<\/a><a href=\"https:\/\/www.acacr.es\/wp-content\/uploads\/2026\/04\/AECV-Revista-Enologos-5-07-2025-Asoc.-Enologos-1.pdf\" class=\"wp-block-file__button wp-element-button\" download aria-describedby=\"wp-block-file--media-592f0530-20e6-46c6-addf-f5e328d17c32\">Descarga<\/a><\/div>\n\n\n\n<p><strong>\u00abHablemos del Hospital de pobres\u00bb<\/strong><\/p>\n\n\n\n<p>M\u00aa Carmen Mart\u00ednez Hern\u00e1ndez<\/p>\n\n\n\n<p><em>Al Olivo Baja. Cofrad\u00eda Oraci\u00f3n de Huerto y Coraz\u00f3n doloroso de Mar\u00eda. Requena Semana Santa 2025<\/em><\/p>\n\n\n\n<div data-wp-interactive=\"core\/file\" class=\"wp-block-file\"><object data-wp-bind--hidden=\"!state.hasPdfPreview\" hidden class=\"wp-block-file__embed\" data=\"https:\/\/www.acacr.es\/wp-content\/uploads\/2026\/04\/MCMH-Hospital-de-pobres-2025-28-Al-OLIVO.pdf\" type=\"application\/pdf\" style=\"width:100%;height:600px\" aria-label=\"Incrustado de MCMH Hospital de pobres 2025- 28 Al OLIVO.\"><\/object><a id=\"wp-block-file--media-fef965f5-bfb4-427c-a176-6d9ba8d9736a\" href=\"https:\/\/www.acacr.es\/wp-content\/uploads\/2026\/04\/MCMH-Hospital-de-pobres-2025-28-Al-OLIVO.pdf\">MCMH Hospital de pobres 2025- 28 Al OLIVO<\/a><a href=\"https:\/\/www.acacr.es\/wp-content\/uploads\/2026\/04\/MCMH-Hospital-de-pobres-2025-28-Al-OLIVO.pdf\" class=\"wp-block-file__button wp-element-button\" download aria-describedby=\"wp-block-file--media-fef965f5-bfb4-427c-a176-6d9ba8d9736a\">Descarga<\/a><\/div>\n\n\n\n<p><strong>\u00abSemana Santa y se\u00f1as de identidad\u00bb<\/strong><\/p>\n\n\n\n<p>M\u00aa Carmen Mart\u00ednez Hern\u00e1ndez<\/p>\n\n\n\n<p><em>Al Olivo Baja. Cofrad\u00eda Oraci\u00f3n de Huerto y Coraz\u00f3n doloroso de Mar\u00eda. Requena Semana Santa 2026<\/em><\/p>\n\n\n\n<div data-wp-interactive=\"core\/file\" class=\"wp-block-file\"><object data-wp-bind--hidden=\"!state.hasPdfPreview\" hidden class=\"wp-block-file__embed\" data=\"https:\/\/www.acacr.es\/wp-content\/uploads\/2026\/04\/MCMH-senas-identidad-2026-29-Al-OLIVOpdf.pdf\" type=\"application\/pdf\" style=\"width:100%;height:600px\" aria-label=\"Incrustado de MCMH sen\u0303as identidad 2026- 29 Al OLIVOpdf.\"><\/object><a id=\"wp-block-file--media-780a7780-fb2b-4db4-ae48-00876547f069\" href=\"https:\/\/www.acacr.es\/wp-content\/uploads\/2026\/04\/MCMH-senas-identidad-2026-29-Al-OLIVOpdf.pdf\">MCMH sen\u0303as identidad 2026- 29 Al OLIVOpdf<\/a><a href=\"https:\/\/www.acacr.es\/wp-content\/uploads\/2026\/04\/MCMH-senas-identidad-2026-29-Al-OLIVOpdf.pdf\" class=\"wp-block-file__button wp-element-button\" download aria-describedby=\"wp-block-file--media-780a7780-fb2b-4db4-ae48-00876547f069\">Descarga<\/a><\/div>\n","protected":false},"excerpt":{"rendered":"<p>Mart\u00ednez Hern\u00e1ndez, Maria del Carmen (aut.) (2022),&nbsp;El un mar de vides. Pascual Carri\u00f3n y la vitivinicultura (1891-1976).&nbsp;C\u00f3rdoba: UCOPress \u2013 Editorial Universidad de C\u00f3rdoba. El un mar de vides. Pascual Carri\u00f3n y la vitivinicultura (1891-1976) \u00abLa mujer en las revistas requenenses&nbsp;(1944-2019)concepto y rol\u00bb Mar\u00eda del Carmen Mart\u00ednez Hern\u00e1ndez Oleana: Cuadernos de Cultura Comarcal,&nbsp;ISSN&nbsp;1139-4943,&nbsp;N\u00ba. 38, 2022&nbsp;pdf \u00abLa [&hellip;]<\/p>\n","protected":false},"author":1,"featured_media":0,"comment_status":"closed","ping_status":"closed","sticky":false,"template":"","format":"standard","meta":{"advgb_blocks_editor_width":"","advgb_blocks_columns_visual_guide":"","ocean_post_layout":"","ocean_both_sidebars_style":"","ocean_both_sidebars_content_width":0,"ocean_both_sidebars_sidebars_width":0,"ocean_sidebar":"","ocean_second_sidebar":"","ocean_disable_margins":"enable","ocean_add_body_class":"","ocean_shortcode_before_top_bar":"","ocean_shortcode_after_top_bar":"","ocean_shortcode_before_header":"","ocean_shortcode_after_header":"","ocean_has_shortcode":"","ocean_shortcode_after_title":"","ocean_shortcode_before_footer_widgets":"","ocean_shortcode_after_footer_widgets":"","ocean_shortcode_before_footer_bottom":"","ocean_shortcode_after_footer_bottom":"","ocean_display_top_bar":"default","ocean_display_header":"default","ocean_header_style":"","ocean_center_header_left_menu":"","ocean_custom_header_template":"","ocean_custom_logo":0,"ocean_custom_retina_logo":0,"ocean_custom_logo_max_width":0,"ocean_custom_logo_tablet_max_width":0,"ocean_custom_logo_mobile_max_width":0,"ocean_custom_logo_max_height":0,"ocean_custom_logo_tablet_max_height":0,"ocean_custom_logo_mobile_max_height":0,"ocean_header_custom_menu":"","ocean_menu_typo_font_family":"","ocean_menu_typo_font_subset":"","ocean_menu_typo_font_size":0,"ocean_menu_typo_font_size_tablet":0,"ocean_menu_typo_font_size_mobile":0,"ocean_menu_typo_font_size_unit":"px","ocean_menu_typo_font_weight":"","ocean_menu_typo_font_weight_tablet":"","ocean_menu_typo_font_weight_mobile":"","ocean_menu_typo_transform":"","ocean_menu_typo_transform_tablet":"","ocean_menu_typo_transform_mobile":"","ocean_menu_typo_line_height":0,"ocean_menu_typo_line_height_tablet":0,"ocean_menu_typo_line_height_mobile":0,"ocean_menu_typo_line_height_unit":"","ocean_menu_typo_spacing":0,"ocean_menu_typo_spacing_tablet":0,"ocean_menu_typo_spacing_mobile":0,"ocean_menu_typo_spacing_unit":"","ocean_menu_link_color":"","ocean_menu_link_color_hover":"","ocean_menu_link_color_active":"","ocean_menu_link_background":"","ocean_menu_link_hover_background":"","ocean_menu_link_active_background":"","ocean_menu_social_links_bg":"","ocean_menu_social_hover_links_bg":"","ocean_menu_social_links_color":"","ocean_menu_social_hover_links_color":"","ocean_disable_title":"default","ocean_disable_heading":"default","ocean_post_title":"","ocean_post_subheading":"","ocean_post_title_style":"","ocean_post_title_background_color":"","ocean_post_title_background":0,"ocean_post_title_bg_image_position":"","ocean_post_title_bg_image_attachment":"","ocean_post_title_bg_image_repeat":"","ocean_post_title_bg_image_size":"","ocean_post_title_height":0,"ocean_post_title_bg_overlay":0.5,"ocean_post_title_bg_overlay_color":"","ocean_disable_breadcrumbs":"default","ocean_breadcrumbs_color":"","ocean_breadcrumbs_separator_color":"","ocean_breadcrumbs_links_color":"","ocean_breadcrumbs_links_hover_color":"","ocean_display_footer_widgets":"default","ocean_display_footer_bottom":"default","ocean_custom_footer_template":"","ocean_post_oembed":"","ocean_post_self_hosted_media":"","ocean_post_video_embed":"","ocean_link_format":"","ocean_link_format_target":"self","ocean_quote_format":"","ocean_quote_format_link":"post","ocean_gallery_link_images":"on","ocean_gallery_id":[],"footnotes":""},"categories":[21],"tags":[],"class_list":["post-3935","post","type-post","status-publish","format-standard","hentry","category-tribuna-del-academico","entry"],"author_meta":{"display_name":"Acacr","author_link":"https:\/\/www.acacr.es\/?author=1"},"featured_img":null,"coauthors":[],"tax_additional":{"categories":{"linked":["<a href=\"https:\/\/www.acacr.es\/?cat=21\" class=\"advgb-post-tax-term\">Tribuna del Acad\u00e9mico<\/a>"],"unlinked":["<span class=\"advgb-post-tax-term\">Tribuna del Acad\u00e9mico<\/span>"]}},"comment_count":"0","relative_dates":{"created":"Publicado 4 horas hace","modified":"Actualizado 4 horas hace"},"absolute_dates":{"created":"Publicado el 27 abril 2026","modified":"Actualizado el 27 abril 2026"},"absolute_dates_time":{"created":"Publicado el 27 abril 2026 18:35","modified":"Actualizado el 27 abril 2026 18:36"},"featured_img_caption":"","series_order":"","_links":{"self":[{"href":"https:\/\/www.acacr.es\/index.php?rest_route=\/wp\/v2\/posts\/3935","targetHints":{"allow":["GET"]}}],"collection":[{"href":"https:\/\/www.acacr.es\/index.php?rest_route=\/wp\/v2\/posts"}],"about":[{"href":"https:\/\/www.acacr.es\/index.php?rest_route=\/wp\/v2\/types\/post"}],"author":[{"embeddable":true,"href":"https:\/\/www.acacr.es\/index.php?rest_route=\/wp\/v2\/users\/1"}],"replies":[{"embeddable":true,"href":"https:\/\/www.acacr.es\/index.php?rest_route=%2Fwp%2Fv2%2Fcomments&post=3935"}],"version-history":[{"count":4,"href":"https:\/\/www.acacr.es\/index.php?rest_route=\/wp\/v2\/posts\/3935\/revisions"}],"predecessor-version":[{"id":3944,"href":"https:\/\/www.acacr.es\/index.php?rest_route=\/wp\/v2\/posts\/3935\/revisions\/3944"}],"wp:attachment":[{"href":"https:\/\/www.acacr.es\/index.php?rest_route=%2Fwp%2Fv2%2Fmedia&parent=3935"}],"wp:term":[{"taxonomy":"category","embeddable":true,"href":"https:\/\/www.acacr.es\/index.php?rest_route=%2Fwp%2Fv2%2Fcategories&post=3935"},{"taxonomy":"post_tag","embeddable":true,"href":"https:\/\/www.acacr.es\/index.php?rest_route=%2Fwp%2Fv2%2Ftags&post=3935"}],"curies":[{"name":"wp","href":"https:\/\/api.w.org\/{rel}","templated":true}]}}